{"id":1725,"date":"2018-10-27T20:53:18","date_gmt":"2018-10-27T18:53:18","guid":{"rendered":"http:\/\/pliszka.net\/pzwczarnawoda\/?p=1725"},"modified":"2018-10-27T21:08:17","modified_gmt":"2018-10-27T19:08:17","slug":"zmarl-kolega-piotr-gliniecki","status":"publish","type":"post","link":"http:\/\/pliszka.net\/pzwczarnawoda\/?p=1725","title":{"rendered":"Zmar\u0142 Kolega Piotr Gliniecki."},"content":{"rendered":"<p style=\"text-align: center;\">&nbsp;Z g\u0142\u0119bokim \u017calem przyj\u0119li\u015bmy wiadomo\u015b\u0107 \u017ce w dniu 27 pa\u017adziernika zmar\u0142<\/p>\n<p style=\"text-align: center;\">\u015a.P.<\/p>\n<h1 style=\"text-align: center;\"><strong>Piotr Gliniecki<\/strong><\/h1>\n<p>&nbsp; &nbsp; &nbsp; &nbsp; &nbsp; &nbsp; &nbsp; &nbsp; &nbsp; &nbsp; &nbsp; &nbsp; &nbsp; &nbsp; &nbsp; &nbsp; &nbsp; &nbsp; &nbsp;&nbsp;<\/p>\n<p style=\"text-align: center;\">Wieloletni cz\u0142onek Zarz\u0105du ko\u0142a w\u0119dkarskiego w Czarnej Wodzie.<\/p>\n<p>&nbsp;<\/p>\n<p style=\"text-align: center;\">Msza \u017ca\u0142obna za koleg\u0119 Piotra b\u0119dzie odprawiona w ko\u015bciele parafialnym w Czarnej Wodzie, w poniedzia\u0142ek 29 pa\u017adziernika&nbsp; o godz. 11.00.<\/p>\n<p>&nbsp;<\/p>\n<p style=\"text-align: center;\">Szczere wyrazy wsp\u00f3\u0142czucia rodzinie zmar\u0142ego sk\u0142adaj\u0105 w\u0119dkarze z ko\u0142a PZW w Czarnej Wodzie.<\/p>\n<p>&nbsp;<\/p>\n","protected":false},"excerpt":{"rendered":"<p>&nbsp;Z g\u0142\u0119bokim \u017calem przyj\u0119li\u015bmy wiadomo\u015b\u0107 \u017ce w dniu 27 pa\u017adziernika zmar\u0142 \u015a.P. Piotr Gliniecki &nbsp; &nbsp; &nbsp; &nbsp; &nbsp; &nbsp; &nbsp; &nbsp; &nbsp; &nbsp; &nbsp; &nbsp; &nbsp; &nbsp; &nbsp; &nbsp; &nbsp; &nbsp; &nbsp;&nbsp; Wieloletni cz\u0142onek Zarz\u0105du ko\u0142a w\u0119dkarskiego w Czarnej Wodzie. &nbsp; Msza \u017ca\u0142obna za koleg\u0119 Piotra b\u0119dzie odprawiona w ko\u015bciele parafialnym w Czarnej Wodzie, [&hellip;]<\/p>\n","protected":false},"author":4,"featured_media":0,"comment_status":"closed","ping_status":"closed","sticky":false,"template":"","format":"standard","meta":{"ngg_post_thumbnail":0,"footnotes":""},"categories":[6],"tags":[],"class_list":["post-1725","post","type-post","status-publish","format-standard","hentry","category-ogloszenia"],"_links":{"self":[{"href":"http:\/\/pliszka.net\/pzwczarnawoda\/index.php?rest_route=\/wp\/v2\/posts\/1725","targetHints":{"allow":["GET"]}}],"collection":[{"href":"http:\/\/pliszka.net\/pzwczarnawoda\/index.php?rest_route=\/wp\/v2\/posts"}],"about":[{"href":"http:\/\/pliszka.net\/pzwczarnawoda\/index.php?rest_route=\/wp\/v2\/types\/post"}],"author":[{"embeddable":true,"href":"http:\/\/pliszka.net\/pzwczarnawoda\/index.php?rest_route=\/wp\/v2\/users\/4"}],"replies":[{"embeddable":true,"href":"http:\/\/pliszka.net\/pzwczarnawoda\/index.php?rest_route=%2Fwp%2Fv2%2Fcomments&post=1725"}],"version-history":[{"count":4,"href":"http:\/\/pliszka.net\/pzwczarnawoda\/index.php?rest_route=\/wp\/v2\/posts\/1725\/revisions"}],"predecessor-version":[{"id":1730,"href":"http:\/\/pliszka.net\/pzwczarnawoda\/index.php?rest_route=\/wp\/v2\/posts\/1725\/revisions\/1730"}],"wp:attachment":[{"href":"http:\/\/pliszka.net\/pzwczarnawoda\/index.php?rest_route=%2Fwp%2Fv2%2Fmedia&parent=1725"}],"wp:term":[{"taxonomy":"category","embeddable":true,"href":"http:\/\/pliszka.net\/pzwczarnawoda\/index.php?rest_route=%2Fwp%2Fv2%2Fcategories&post=1725"},{"taxonomy":"post_tag","embeddable":true,"href":"http:\/\/pliszka.net\/pzwczarnawoda\/index.php?rest_route=%2Fwp%2Fv2%2Ftags&post=1725"}],"curies":[{"name":"wp","href":"https:\/\/api.w.org\/{rel}","templated":true}]}}